{"id":38,"date":"2024-04-29T22:41:02","date_gmt":"2024-04-29T20:41:02","guid":{"rendered":"https:\/\/scolapedia.org\/?p=38"},"modified":"2024-04-29T22:41:02","modified_gmt":"2024-04-29T20:41:02","slug":"les-postures-du-formateur","status":"publish","type":"post","link":"https:\/\/scolapedia.org\/index.php\/2024\/04\/29\/les-postures-du-formateur\/","title":{"rendered":"Les postures du formateur"},"content":{"rendered":"\n<p>Les postures professionnelles d&#8217;un formateur refl\u00e8tent les attitudes, les comportements et les comp\u00e9tences n\u00e9cessaires pour exercer efficacement cette fonction. Voici une liste de postures professionnelles importantes pour un formateur. Qu\u2019en pensez-vous ? Selon vous, comment est-il possible d\u2019articuler toutes ces postures ? Comment faites-vous ?<\/p>\n\n\n\n<ol class=\"wp-block-list\">\n<li><strong>Expertise p\u00e9dagogique :<\/strong>\n<ul class=\"wp-block-list\">\n<li>Ma\u00eetrise des m\u00e9thodes et des strat\u00e9gies d&#8217;enseignement.<\/li>\n\n\n\n<li>Connaissance approfondie du sujet enseign\u00e9.<\/li>\n<\/ul>\n<\/li>\n\n\n\n<li><strong>Adaptabilit\u00e9 :<\/strong>\n<ul class=\"wp-block-list\">\n<li>Capacit\u00e9 \u00e0 s&#8217;adapter aux besoins et aux styles d&#8217;apprentissage des participants.<\/li>\n\n\n\n<li>Flexibilit\u00e9 pour ajuster le programme en fonction des circonstances.<\/li>\n<\/ul>\n<\/li>\n\n\n\n<li><strong>Communication claire :<\/strong>\n<ul class=\"wp-block-list\">\n<li>Capacit\u00e9 \u00e0 expliquer des concepts de mani\u00e8re simple et accessible.<\/li>\n\n\n\n<li>Utilisation efficace de la communication verbale et non verbale.<\/li>\n<\/ul>\n<\/li>\n\n\n\n<li><strong>\u00c9coute active :<\/strong>\n<ul class=\"wp-block-list\">\n<li>Capacit\u00e9 \u00e0 \u00e9couter attentivement les participants.<\/li>\n\n\n\n<li>R\u00e9ceptivit\u00e9 aux questions, commentaires et pr\u00e9occupations.<\/li>\n<\/ul>\n<\/li>\n\n\n\n<li><strong>Empathie :<\/strong>\n<ul class=\"wp-block-list\">\n<li>Compr\u00e9hension et prise en compte des besoins \u00e9motionnels des apprenants.<\/li>\n\n\n\n<li>Cr\u00e9ation d&#8217;un environnement inclusif et respectueux.<\/li>\n<\/ul>\n<\/li>\n\n\n\n<li><strong>Gestion du groupe :<\/strong>\n<ul class=\"wp-block-list\">\n<li>Capacit\u00e9 \u00e0 maintenir un climat positif dans la salle de formation.<\/li>\n\n\n\n<li>Gestion efficace du temps et de la dynamique de groupe.<\/li>\n<\/ul>\n<\/li>\n\n\n\n<li><strong>Ouverture au feedback :<\/strong>\n<ul class=\"wp-block-list\">\n<li>Volont\u00e9 d&#8217;accepter et d&#8217;int\u00e9grer les retours des participants.<\/li>\n\n\n\n<li>R\u00e9flexion continue sur les pratiques p\u00e9dagogiques.<\/li>\n<\/ul>\n<\/li>\n\n\n\n<li><strong>Cr\u00e9ativit\u00e9 :<\/strong>\n<ul class=\"wp-block-list\">\n<li>Capacit\u00e9 \u00e0 d\u00e9velopper des approches innovantes pour l&#8217;enseignement.<\/li>\n\n\n\n<li>Encouragement de la pens\u00e9e cr\u00e9ative chez les apprenants.<\/li>\n<\/ul>\n<\/li>\n\n\n\n<li><strong>Orientation vers les objectifs :<\/strong>\n<ul class=\"wp-block-list\">\n<li>Clart\u00e9 sur les objectifs de la formation et des activit\u00e9s.<\/li>\n\n\n\n<li>Alignement des activit\u00e9s avec les r\u00e9sultats attendus.<\/li>\n<\/ul>\n<\/li>\n\n\n\n<li><strong>Sens de l&#8217;organisation :<\/strong>\n<ul class=\"wp-block-list\">\n<li>Planification efficace des s\u00e9ances de formation.<\/li>\n\n\n\n<li>Gestion des ressources et des supports p\u00e9dagogiques.<\/li>\n<\/ul>\n<\/li>\n\n\n\n<li><strong>Esprit critique :<\/strong>\n<ul class=\"wp-block-list\">\n<li>Capacit\u00e9 \u00e0 analyser de mani\u00e8re critique les contenus et les m\u00e9thodes d&#8217;enseignement.<\/li>\n\n\n\n<li>Encouragement de la r\u00e9flexion critique chez les participants.<\/li>\n<\/ul>\n<\/li>\n\n\n\n<li><strong>Mise \u00e0 jour des connaissances :<\/strong>\n<ul class=\"wp-block-list\">\n<li>Engagement dans le d\u00e9veloppement professionnel continu.<\/li>\n\n\n\n<li>Connaissance des tendances et \u00e9volutions dans le domaine enseign\u00e9.<\/li>\n<\/ul>\n<\/li>\n\n\n\n<li><strong>Gestion des conflits :<\/strong>\n<ul class=\"wp-block-list\">\n<li>Capacit\u00e9 \u00e0 r\u00e9soudre les conflits \u00e9ventuels au sein du groupe.<\/li>\n\n\n\n<li>Maintien d&#8217;un environnement respectueux et collaboratif.<\/li>\n<\/ul>\n<\/li>\n\n\n\n<li><strong>Responsabilit\u00e9 :<\/strong>\n<ul class=\"wp-block-list\">\n<li>Engagement envers la qualit\u00e9 de l&#8217;enseignement dispens\u00e9.<\/li>\n\n\n\n<li>Respect des r\u00e8gles \u00e9thiques et professionnelles.<\/li>\n<\/ul>\n<\/li>\n\n\n\n<li><strong>Apprentissage partag\u00e9 :<\/strong>\n<ul class=\"wp-block-list\">\n<li>Promotion d&#8217;une culture d&#8217;apprentissage mutuel.<\/li>\n\n\n\n<li>Reconnaissance que le formateur peut \u00e9galement apprendre des participants.<\/li>\n<\/ul>\n<\/li>\n<\/ol>\n","protected":false},"excerpt":{"rendered":"<p>Les postures professionnelles d&#8217;un formateur refl\u00e8tent les attitudes, les comportements et les comp\u00e9tences n\u00e9cessaires pour exercer efficacement cette fonction. Voici une liste de postures professionnelles importantes pour un formateur. Qu\u2019en pensez-vous ? Selon vous, comment est-il possible d\u2019articuler toutes ces postures ? Comment faites-vous ?<\/p>\n","protected":false},"author":1,"featured_media":0,"comment_status":"open","ping_status":"open","sticky":false,"template":"","format":"standard","meta":{"footnotes":""},"categories":[1],"tags":[],"class_list":["post-38","post","type-post","status-publish","format-standard","hentry","category-non-classe"],"_links":{"self":[{"href":"https:\/\/scolapedia.org\/index.php\/wp-json\/wp\/v2\/posts\/38","targetHints":{"allow":["GET"]}}],"collection":[{"href":"https:\/\/scolapedia.org\/index.php\/wp-json\/wp\/v2\/posts"}],"about":[{"href":"https:\/\/scolapedia.org\/index.php\/wp-json\/wp\/v2\/types\/post"}],"author":[{"embeddable":true,"href":"https:\/\/scolapedia.org\/index.php\/wp-json\/wp\/v2\/users\/1"}],"replies":[{"embeddable":true,"href":"https:\/\/scolapedia.org\/index.php\/wp-json\/wp\/v2\/comments?post=38"}],"version-history":[{"count":1,"href":"https:\/\/scolapedia.org\/index.php\/wp-json\/wp\/v2\/posts\/38\/revisions"}],"predecessor-version":[{"id":39,"href":"https:\/\/scolapedia.org\/index.php\/wp-json\/wp\/v2\/posts\/38\/revisions\/39"}],"wp:attachment":[{"href":"https:\/\/scolapedia.org\/index.php\/wp-json\/wp\/v2\/media?parent=38"}],"wp:term":[{"taxonomy":"category","embeddable":true,"href":"https:\/\/scolapedia.org\/index.php\/wp-json\/wp\/v2\/categories?post=38"},{"taxonomy":"post_tag","embeddable":true,"href":"https:\/\/scolapedia.org\/index.php\/wp-json\/wp\/v2\/tags?post=38"}],"curies":[{"name":"wp","href":"https:\/\/api.w.org\/{rel}","templated":true}]}}